{"id":767,"date":"2026-04-16T20:18:00","date_gmt":"2026-04-16T17:18:00","guid":{"rendered":"https:\/\/kinder.x10.codes\/?p=767"},"modified":"2026-04-30T20:26:59","modified_gmt":"2026-04-30T17:26:59","slug":"fest-der-nationen","status":"publish","type":"post","link":"https:\/\/www.kunststudio.ch\/pl\/fest-der-nationen\/","title":{"rendered":"\u015awi\u0119to Narod\u00f3w"},"content":{"rendered":"<p>Studio Sztuki Quartet we&#378;mie udzia&#322; w tegorocznym &#346;wi&#281;cie Narod&oacute;w, kt&oacute;re odb&#281;dzie si&#281; 9 wrze&#347;nia 2017 roku w Zug.<\/p><p>Mamy nadziej&#281;, &#380;e r&oacute;wnie&#380; przyb&#281;dziecie i cieszymy si&#281;, &#380;e mo&#380;emy &#347;wi&#281;towa&#263; to wydarzenie z Wami!<\/p><p><strong>Wyst&#281;p: 13:20, scena g&#322;&oacute;wna<\/strong><\/p><p>To translate the website www.fest-der-nationen.ch from German to Polish, please provide the specific text or sections you want translated.<\/p><p><\/p>","protected":false},"excerpt":{"rendered":"<p>Studio Sztuki Quartet we&#378;mie udzia&#322; w tegorocznym &#346;wi&#281;cie Narod&oacute;w, kt&oacute;re odb&#281;dzie si&#281; 9 wrze&#347;nia 2017 roku w Zug. Mamy nadziej&#281;, &#380;e r&oacute;wnie&#380; przyb&#281;dziecie i cieszymy si&#281;, &#380;e mo&#380;emy &#347;wi&#281;towa&#263; to wydarzenie z Wami! Wyst&#281;p: 13:20, scena g&#322;&oacute;wna To translate the website www.fest-der-nationen.ch from German to Polish, please provide the specific text or sections you want [&hellip;]<\/p>\n","protected":false},"author":1,"featured_media":768,"comment_status":"closed","ping_status":"open","sticky":false,"template":"","format":"standard","meta":{"saved_in_kubio":false,"footnotes":""},"categories":[1],"tags":[],"class_list":["post-767","post","type-post","status-publish","format-standard","has-post-thumbnail","hentry","category-1"],"yoast_head":"<!-- This site is optimized with the Yoast SEO plugin v27.5 - https:\/\/yoast.com\/product\/yoast-seo-wordpress\/ -->\n<title>\u015awi\u0119to Narod\u00f3w<\/title>\n<meta name=\"robots\" content=\"index, follow, max-snippet:-1, max-image-preview:large, max-video-preview:-1\" \/>\n<link rel=\"canonical\" href=\"https:\/\/www.kunststudio.ch\/pl\/fest-der-nationen\/\" \/>\n<meta property=\"og:locale\" content=\"pl_PL\" \/>\n<meta property=\"og:locale:alternate\" content=\"en_US\" \/>\n<meta property=\"og:locale:alternate\" content=\"de_DE\" \/>\n<meta property=\"og:locale:alternate\" content=\"ru_RU\" \/>\n<meta property=\"og:type\" content=\"article\" \/>\n<meta property=\"og:title\" content=\"\u015awi\u0119to Narod\u00f3w\" \/>\n<meta property=\"og:description\" content=\"Studio Sztuki Quartet we&#378;mie udzia&#322; w tegorocznym &#346;wi&#281;cie Narod&oacute;w, kt&oacute;re odb&#281;dzie si&#281; 9 wrze&#347;nia 2017 roku w Zug. Mamy nadziej&#281;, &#380;e r&oacute;wnie&#380; przyb&#281;dziecie i cieszymy si&#281;, &#380;e mo&#380;emy &#347;wi&#281;towa&#263; to wydarzenie z Wami! Wyst&#281;p: 13:20, scena g&#322;&oacute;wna To translate the website www.fest-der-nationen.ch from German to Polish, please provide the specific text or sections you want [&hellip;]\" \/>\n<meta property=\"og:url\" content=\"https:\/\/www.kunststudio.ch\/pl\/fest-der-nationen\/\" \/>\n<meta property=\"og:site_name\" content=\"Kunststudio Quartett\" \/>\n<meta property=\"article:published_time\" content=\"2026-04-16T17:18:00+00:00\" \/>\n<meta property=\"article:modified_time\" content=\"2026-04-30T17:26:59+00:00\" \/>\n<meta property=\"og:image\" content=\"https:\/\/www.kunststudio.ch\/wp-content\/uploads\/2026\/04\/image-4-2.jpg\" \/>\n\t<meta property=\"og:image:width\" content=\"960\" \/>\n\t<meta property=\"og:image:height\" content=\"276\" \/>\n\t<meta property=\"og:image:type\" content=\"image\/jpeg\" \/>\n<meta name=\"author\" content=\"admin\" \/>\n<meta name=\"twitter:card\" content=\"summary_large_image\" \/>\n<meta name=\"twitter:label1\" content=\"Napisane przez\" \/>\n\t<meta name=\"twitter:data1\" content=\"admin\" \/>\n\t<meta name=\"twitter:label2\" content=\"Szacowany czas czytania\" \/>\n\t<meta name=\"twitter:data2\" content=\"1 minuta\" \/>\n<script type=\"application\/ld+json\" class=\"yoast-schema-graph\">{\"@context\":\"https:\\\/\\\/schema.org\",\"@graph\":[{\"@type\":\"Article\",\"@id\":\"https:\\\/\\\/www.kunststudio.ch\\\/fest-der-nationen\\\/#article\",\"isPartOf\":{\"@id\":\"https:\\\/\\\/www.kunststudio.ch\\\/fest-der-nationen\\\/\"},\"author\":{\"name\":\"admin\",\"@id\":\"https:\\\/\\\/www.kunststudio.ch\\\/#\\\/schema\\\/person\\\/4e45d7d465866dba15d6ea6e2f1ccd16\"},\"headline\":\"\u015awi\u0119to Narod\u00f3w\",\"datePublished\":\"2026-04-16T17:18:00+00:00\",\"dateModified\":\"2026-04-30T17:26:59+00:00\",\"mainEntityOfPage\":{\"@id\":\"https:\\\/\\\/www.kunststudio.ch\\\/fest-der-nationen\\\/\"},\"wordCount\":227,\"publisher\":{\"@id\":\"https:\\\/\\\/www.kunststudio.ch\\\/#organization\"},\"image\":{\"@id\":\"https:\\\/\\\/www.kunststudio.ch\\\/fest-der-nationen\\\/#primaryimage\"},\"thumbnailUrl\":\"https:\\\/\\\/www.kunststudio.ch\\\/wp-content\\\/uploads\\\/2026\\\/04\\\/image-4-2.jpg\",\"articleSection\":[\"\u0411\u0435\u0437 \u0440\u0443\u0431\u0440\u0438\u043a\u0438\"],\"inLanguage\":\"pl-PL\"},{\"@type\":\"WebPage\",\"@id\":\"https:\\\/\\\/www.kunststudio.ch\\\/fest-der-nationen\\\/\",\"url\":\"https:\\\/\\\/www.kunststudio.ch\\\/fest-der-nationen\\\/\",\"name\":\"\u015awi\u0119to Narod\u00f3w\",\"isPartOf\":{\"@id\":\"https:\\\/\\\/www.kunststudio.ch\\\/#website\"},\"primaryImageOfPage\":{\"@id\":\"https:\\\/\\\/www.kunststudio.ch\\\/fest-der-nationen\\\/#primaryimage\"},\"image\":{\"@id\":\"https:\\\/\\\/www.kunststudio.ch\\\/fest-der-nationen\\\/#primaryimage\"},\"thumbnailUrl\":\"https:\\\/\\\/www.kunststudio.ch\\\/wp-content\\\/uploads\\\/2026\\\/04\\\/image-4-2.jpg\",\"datePublished\":\"2026-04-16T17:18:00+00:00\",\"dateModified\":\"2026-04-30T17:26:59+00:00\",\"breadcrumb\":{\"@id\":\"https:\\\/\\\/www.kunststudio.ch\\\/fest-der-nationen\\\/#breadcrumb\"},\"inLanguage\":\"pl-PL\",\"potentialAction\":[{\"@type\":\"ReadAction\",\"target\":[\"https:\\\/\\\/www.kunststudio.ch\\\/fest-der-nationen\\\/\"]}]},{\"@type\":\"ImageObject\",\"inLanguage\":\"pl-PL\",\"@id\":\"https:\\\/\\\/www.kunststudio.ch\\\/fest-der-nationen\\\/#primaryimage\",\"url\":\"https:\\\/\\\/www.kunststudio.ch\\\/wp-content\\\/uploads\\\/2026\\\/04\\\/image-4-2.jpg\",\"contentUrl\":\"https:\\\/\\\/www.kunststudio.ch\\\/wp-content\\\/uploads\\\/2026\\\/04\\\/image-4-2.jpg\",\"width\":960,\"height\":276},{\"@type\":\"BreadcrumbList\",\"@id\":\"https:\\\/\\\/www.kunststudio.ch\\\/fest-der-nationen\\\/#breadcrumb\",\"itemListElement\":[{\"@type\":\"ListItem\",\"position\":1,\"name\":\"\u0413\u043b\u0430\u0432\u043d\u0430\u044f \u0441\u0442\u0440\u0430\u043d\u0438\u0446\u0430\",\"item\":\"https:\\\/\\\/www.kunststudio.ch\\\/\"},{\"@type\":\"ListItem\",\"position\":2,\"name\":\"Fest der Nationen\"}]},{\"@type\":\"WebSite\",\"@id\":\"https:\\\/\\\/www.kunststudio.ch\\\/#website\",\"url\":\"https:\\\/\\\/www.kunststudio.ch\\\/\",\"name\":\"Kunststudio Quartett\",\"description\":\"Lorzenparkstrasse 25, 6330 Cham\",\"publisher\":{\"@id\":\"https:\\\/\\\/www.kunststudio.ch\\\/#organization\"},\"potentialAction\":[{\"@type\":\"SearchAction\",\"target\":{\"@type\":\"EntryPoint\",\"urlTemplate\":\"https:\\\/\\\/www.kunststudio.ch\\\/?s={search_term_string}\"},\"query-input\":{\"@type\":\"PropertyValueSpecification\",\"valueRequired\":true,\"valueName\":\"search_term_string\"}}],\"inLanguage\":\"pl-PL\"},{\"@type\":\"Organization\",\"@id\":\"https:\\\/\\\/www.kunststudio.ch\\\/#organization\",\"name\":\"Kunststudio Quartett\",\"url\":\"https:\\\/\\\/www.kunststudio.ch\\\/\",\"logo\":{\"@type\":\"ImageObject\",\"inLanguage\":\"pl-PL\",\"@id\":\"https:\\\/\\\/www.kunststudio.ch\\\/#\\\/schema\\\/logo\\\/image\\\/\",\"url\":\"https:\\\/\\\/www.kunststudio.ch\\\/wp-content\\\/uploads\\\/2026\\\/03\\\/logo-rounded-2.png\",\"contentUrl\":\"https:\\\/\\\/www.kunststudio.ch\\\/wp-content\\\/uploads\\\/2026\\\/03\\\/logo-rounded-2.png\",\"width\":928,\"height\":346,\"caption\":\"Kunststudio Quartett\"},\"image\":{\"@id\":\"https:\\\/\\\/www.kunststudio.ch\\\/#\\\/schema\\\/logo\\\/image\\\/\"},\"sameAs\":[\"https:\\\/\\\/www.youtube.com\\\/@kunststudioquartett7223\\\/videos\"]},{\"@type\":\"Person\",\"@id\":\"https:\\\/\\\/www.kunststudio.ch\\\/#\\\/schema\\\/person\\\/4e45d7d465866dba15d6ea6e2f1ccd16\",\"name\":\"admin\",\"image\":{\"@type\":\"ImageObject\",\"inLanguage\":\"pl-PL\",\"@id\":\"https:\\\/\\\/secure.gravatar.com\\\/avatar\\\/df9ebf8ab6ed31c1825c17b999ce16cb0c4ea01644ee0f7420dc689d4e1c8fd3?s=96&d=mm&r=g\",\"url\":\"https:\\\/\\\/secure.gravatar.com\\\/avatar\\\/df9ebf8ab6ed31c1825c17b999ce16cb0c4ea01644ee0f7420dc689d4e1c8fd3?s=96&d=mm&r=g\",\"contentUrl\":\"https:\\\/\\\/secure.gravatar.com\\\/avatar\\\/df9ebf8ab6ed31c1825c17b999ce16cb0c4ea01644ee0f7420dc689d4e1c8fd3?s=96&d=mm&r=g\",\"caption\":\"admin\"},\"sameAs\":[\"http:\\\/\\\/kinder.x10.codes\"],\"url\":\"https:\\\/\\\/www.kunststudio.ch\\\/pl\\\/author\\\/admin\\\/\"}]}<\/script>\n<!-- \/ Yoast SEO plugin. -->","yoast_head_json":{"title":"\u015awi\u0119to Narod\u00f3w","robots":{"index":"index","follow":"follow","max-snippet":"max-snippet:-1","max-image-preview":"max-image-preview:large","max-video-preview":"max-video-preview:-1"},"canonical":"https:\/\/www.kunststudio.ch\/pl\/fest-der-nationen\/","og_locale":"pl_PL","og_type":"article","og_title":"[:de]Fest der Nationen[:en]Festival of Nations[:pl]\u015awi\u0119to Narod\u00f3w[:ru]\u041f\u0440\u0430\u0437\u0434\u043d\u0438\u043a \u043d\u0430\u0440\u043e\u0434\u043e\u0432[:] - Kunststudio Quartett","og_description":"Studio Sztuki Quartet we&#378;mie udzia&#322; w tegorocznym &#346;wi&#281;cie Narod&oacute;w, kt&oacute;re odb&#281;dzie si&#281; 9 wrze&#347;nia 2017 roku w Zug. Mamy nadziej&#281;, &#380;e r&oacute;wnie&#380; przyb&#281;dziecie i cieszymy si&#281;, &#380;e mo&#380;emy &#347;wi&#281;towa&#263; to wydarzenie z Wami! Wyst&#281;p: 13:20, scena g&#322;&oacute;wna To translate the website www.fest-der-nationen.ch from German to Polish, please provide the specific text or sections you want [&hellip;]","og_url":"https:\/\/www.kunststudio.ch\/pl\/fest-der-nationen\/","og_site_name":"Kunststudio Quartett","article_published_time":"2026-04-16T17:18:00+00:00","article_modified_time":"2026-04-30T17:26:59+00:00","og_image":[{"width":960,"height":276,"url":"https:\/\/www.kunststudio.ch\/wp-content\/uploads\/2026\/04\/image-4-2.jpg","type":"image\/jpeg"}],"author":"admin","twitter_card":"summary_large_image","twitter_misc":{"Napisane przez":"admin","Szacowany czas czytania":"1 minuta"},"schema":{"@context":"https:\/\/schema.org","@graph":[{"@type":"Article","@id":"https:\/\/www.kunststudio.ch\/fest-der-nationen\/#article","isPartOf":{"@id":"https:\/\/www.kunststudio.ch\/fest-der-nationen\/"},"author":{"name":"admin","@id":"https:\/\/www.kunststudio.ch\/#\/schema\/person\/4e45d7d465866dba15d6ea6e2f1ccd16"},"headline":"\u015awi\u0119to Narod\u00f3w","datePublished":"2026-04-16T17:18:00+00:00","dateModified":"2026-04-30T17:26:59+00:00","mainEntityOfPage":{"@id":"https:\/\/www.kunststudio.ch\/fest-der-nationen\/"},"wordCount":227,"publisher":{"@id":"https:\/\/www.kunststudio.ch\/#organization"},"image":{"@id":"https:\/\/www.kunststudio.ch\/fest-der-nationen\/#primaryimage"},"thumbnailUrl":"https:\/\/www.kunststudio.ch\/wp-content\/uploads\/2026\/04\/image-4-2.jpg","articleSection":["\u0411\u0435\u0437 \u0440\u0443\u0431\u0440\u0438\u043a\u0438"],"inLanguage":"pl-PL"},{"@type":"WebPage","@id":"https:\/\/www.kunststudio.ch\/fest-der-nationen\/","url":"https:\/\/www.kunststudio.ch\/fest-der-nationen\/","name":"\u015awi\u0119to Narod\u00f3w","isPartOf":{"@id":"https:\/\/www.kunststudio.ch\/#website"},"primaryImageOfPage":{"@id":"https:\/\/www.kunststudio.ch\/fest-der-nationen\/#primaryimage"},"image":{"@id":"https:\/\/www.kunststudio.ch\/fest-der-nationen\/#primaryimage"},"thumbnailUrl":"https:\/\/www.kunststudio.ch\/wp-content\/uploads\/2026\/04\/image-4-2.jpg","datePublished":"2026-04-16T17:18:00+00:00","dateModified":"2026-04-30T17:26:59+00:00","breadcrumb":{"@id":"https:\/\/www.kunststudio.ch\/fest-der-nationen\/#breadcrumb"},"inLanguage":"pl-PL","potentialAction":[{"@type":"ReadAction","target":["https:\/\/www.kunststudio.ch\/fest-der-nationen\/"]}]},{"@type":"ImageObject","inLanguage":"pl-PL","@id":"https:\/\/www.kunststudio.ch\/fest-der-nationen\/#primaryimage","url":"https:\/\/www.kunststudio.ch\/wp-content\/uploads\/2026\/04\/image-4-2.jpg","contentUrl":"https:\/\/www.kunststudio.ch\/wp-content\/uploads\/2026\/04\/image-4-2.jpg","width":960,"height":276},{"@type":"BreadcrumbList","@id":"https:\/\/www.kunststudio.ch\/fest-der-nationen\/#breadcrumb","itemListElement":[{"@type":"ListItem","position":1,"name":"\u0413\u043b\u0430\u0432\u043d\u0430\u044f \u0441\u0442\u0440\u0430\u043d\u0438\u0446\u0430","item":"https:\/\/www.kunststudio.ch\/"},{"@type":"ListItem","position":2,"name":"Fest der Nationen"}]},{"@type":"WebSite","@id":"https:\/\/www.kunststudio.ch\/#website","url":"https:\/\/www.kunststudio.ch\/","name":"Kunststudio Quartett","description":"Lorzenparkstrasse 25, 6330 Cham","publisher":{"@id":"https:\/\/www.kunststudio.ch\/#organization"},"potentialAction":[{"@type":"SearchAction","target":{"@type":"EntryPoint","urlTemplate":"https:\/\/www.kunststudio.ch\/?s={search_term_string}"},"query-input":{"@type":"PropertyValueSpecification","valueRequired":true,"valueName":"search_term_string"}}],"inLanguage":"pl-PL"},{"@type":"Organization","@id":"https:\/\/www.kunststudio.ch\/#organization","name":"Kunststudio Quartett","url":"https:\/\/www.kunststudio.ch\/","logo":{"@type":"ImageObject","inLanguage":"pl-PL","@id":"https:\/\/www.kunststudio.ch\/#\/schema\/logo\/image\/","url":"https:\/\/www.kunststudio.ch\/wp-content\/uploads\/2026\/03\/logo-rounded-2.png","contentUrl":"https:\/\/www.kunststudio.ch\/wp-content\/uploads\/2026\/03\/logo-rounded-2.png","width":928,"height":346,"caption":"Kunststudio Quartett"},"image":{"@id":"https:\/\/www.kunststudio.ch\/#\/schema\/logo\/image\/"},"sameAs":["https:\/\/www.youtube.com\/@kunststudioquartett7223\/videos"]},{"@type":"Person","@id":"https:\/\/www.kunststudio.ch\/#\/schema\/person\/4e45d7d465866dba15d6ea6e2f1ccd16","name":"admin","image":{"@type":"ImageObject","inLanguage":"pl-PL","@id":"https:\/\/secure.gravatar.com\/avatar\/df9ebf8ab6ed31c1825c17b999ce16cb0c4ea01644ee0f7420dc689d4e1c8fd3?s=96&d=mm&r=g","url":"https:\/\/secure.gravatar.com\/avatar\/df9ebf8ab6ed31c1825c17b999ce16cb0c4ea01644ee0f7420dc689d4e1c8fd3?s=96&d=mm&r=g","contentUrl":"https:\/\/secure.gravatar.com\/avatar\/df9ebf8ab6ed31c1825c17b999ce16cb0c4ea01644ee0f7420dc689d4e1c8fd3?s=96&d=mm&r=g","caption":"admin"},"sameAs":["http:\/\/kinder.x10.codes"],"url":"https:\/\/www.kunststudio.ch\/pl\/author\/admin\/"}]}},"_links":{"self":[{"href":"https:\/\/www.kunststudio.ch\/pl\/wp-json\/wp\/v2\/posts\/767","targetHints":{"allow":["GET"]}}],"collection":[{"href":"https:\/\/www.kunststudio.ch\/pl\/wp-json\/wp\/v2\/posts"}],"about":[{"href":"https:\/\/www.kunststudio.ch\/pl\/wp-json\/wp\/v2\/types\/post"}],"author":[{"embeddable":true,"href":"https:\/\/www.kunststudio.ch\/pl\/wp-json\/wp\/v2\/users\/1"}],"replies":[{"embeddable":true,"href":"https:\/\/www.kunststudio.ch\/pl\/wp-json\/wp\/v2\/comments?post=767"}],"version-history":[{"count":4,"href":"https:\/\/www.kunststudio.ch\/pl\/wp-json\/wp\/v2\/posts\/767\/revisions"}],"predecessor-version":[{"id":1870,"href":"https:\/\/www.kunststudio.ch\/pl\/wp-json\/wp\/v2\/posts\/767\/revisions\/1870"}],"wp:featuredmedia":[{"embeddable":true,"href":"https:\/\/www.kunststudio.ch\/pl\/wp-json\/wp\/v2\/media\/768"}],"wp:attachment":[{"href":"https:\/\/www.kunststudio.ch\/pl\/wp-json\/wp\/v2\/media?parent=767"}],"wp:term":[{"taxonomy":"category","embeddable":true,"href":"https:\/\/www.kunststudio.ch\/pl\/wp-json\/wp\/v2\/categories?post=767"},{"taxonomy":"post_tag","embeddable":true,"href":"https:\/\/www.kunststudio.ch\/pl\/wp-json\/wp\/v2\/tags?post=767"}],"curies":[{"name":"wp","href":"https:\/\/api.w.org\/{rel}","templated":true}]}}